{"id":491,"date":"2020-11-13T16:38:04","date_gmt":"2020-11-13T15:38:04","guid":{"rendered":"http:\/\/www.illevriero.it\/new\/?p=491"},"modified":"2020-11-23T22:13:57","modified_gmt":"2020-11-23T21:13:57","slug":"mercy-ospite-a-musica-indipendente-e-controcultura","status":"publish","type":"post","link":"https:\/\/www.illevriero.it\/new\/mercy-ospite-a-musica-indipendente-e-controcultura\/","title":{"rendered":"Mercy ospite @ &#8220;Musica Indipendente e Controcultura&#8221;"},"content":{"rendered":"\n<p>Gioved\u00ec 19 novembre &#8211; h. 21<br>G.R.E.C.E Italia<br>presenta:<\/p>\n\n\n\n<p>&#8220;Musica Indipendente e Controcultura&#8221;<\/p>\n\n\n\n<p>\u00abViviamo in un\u2019epoca singolare, dominata da un Pensiero Unico che, vantandosi di tutelare sempre nuove minoranze, impone ovunque il pi\u00f9 asfissiante dei conformismi, rileggendo e revisionando, censurando e correggendo, anestetizzando e allineando qualsiasi dissidenza. Negli ultimi decenni, tuttavia, un manipolo di esperienze musicali si \u00e8 incaricato di riaprire la partita, dando vita a lavori di altissima qualit\u00e0 tecnica e grande spessore intellettuale, riaprendo cos\u00ec quel dibattito negato dalla \u201ccultura\u201d mainstream. GRECE Italia ha deciso di organizzare un dibattito con alcuni dei loro componenti.\u00bb<\/p>\n\n\n\n<p>Interventi di:<br>Dario Parisini (Dish-Is-Nein)<br>Valerio Zecchini (Post Contemporary Corporation)<br>Renato \u201cMercy\u201d Carpaneto (IANVA)<br>Argento (Spite Extreme Wing)<br>Alessandro Cavazza (documentarista, curatore \u00abIl Paradigma\u00bb)<br>Antonello Cresti (Critico musicale)<\/p>\n\n\n\n<p>Modera:<br>Eduardo Zarelli (GRECE Italia)<\/p>\n\n\n\n<p>Link per seguire gli interventi in streaming:<br><a href=\"https:\/\/www.facebook.com\/GRECEITALIA\" target=\"_blank\" rel=\"noreferrer noopener\">https:\/\/www.facebook.com\/GRECEITALIA<\/a><\/p>\n","protected":false},"excerpt":{"rendered":"<p>Gioved\u00ec 19 novembre &#8211; h. 21G.R.E.C.E Italiapresenta: &#8220;Musica Indipendente e Controcultura&#8221; \u00abViviamo in un\u2019epoca singolare, dominata da un Pensiero Unico che, vantandosi di tutelare sempre nuove minoranze, impone ovunque il pi\u00f9 asfissiante dei conformismi, rileggendo e revisionando, censurando e correggendo, anestetizzando e allineando qualsiasi dissidenza. Negli ultimi decenni, tuttavia, un manipolo di esperienze musicali si&hellip;&nbsp;<a href=\"https:\/\/www.illevriero.it\/new\/mercy-ospite-a-musica-indipendente-e-controcultura\/\" rel=\"bookmark\">Leggi tutto &raquo;<span class=\"screen-reader-text\">Mercy ospite @ &#8220;Musica Indipendente e Controcultura&#8221;<\/span><\/a><\/p>\n","protected":false},"author":3,"featured_media":492,"comment_status":"closed","ping_status":"closed","sticky":false,"template":"","format":"standard","meta":{"_uag_custom_page_level_css":"","advgb_blocks_editor_width":"","advgb_blocks_columns_visual_guide":"","kk_blocks_editor_width":"","_kiokenblocks_attr":"","_kiokenblocks_dimensions":"","neve_meta_sidebar":"","neve_meta_container":"","neve_meta_enable_content_width":"off","neve_meta_content_width":0,"neve_meta_title_alignment":"","neve_meta_author_avatar":"","neve_post_elements_order":"","neve_meta_disable_header":"","neve_meta_disable_footer":"","neve_meta_disable_title":"","_themeisle_gutenberg_block_has_review":false,"footnotes":""},"categories":[10,7],"tags":[],"class_list":["post-491","post","type-post","status-publish","format-standard","has-post-thumbnail","hentry","category-interviews","category-news"],"author_meta":{"display_name":"Il Levriero Staff","author_link":"https:\/\/www.illevriero.it\/new\/author\/il-levriero-staff\/"},"featured_img":"https:\/\/www.illevriero.it\/new\/wp-content\/uploads\/2020\/11\/zzzzzxy2111527-300x169.jpg","featured_image_src":"https:\/\/www.illevriero.it\/new\/wp-content\/uploads\/2020\/11\/zzzzzxy2111527-600x400.jpg","featured_image_src_square":"https:\/\/www.illevriero.it\/new\/wp-content\/uploads\/2020\/11\/zzzzzxy2111527-600x480.jpg","author_info":{"display_name":"Il Levriero Staff","author_link":"https:\/\/www.illevriero.it\/new\/author\/il-levriero-staff\/"},"uagb_featured_image_src":{"full":["https:\/\/www.illevriero.it\/new\/wp-content\/uploads\/2020\/11\/zzzzzxy2111527.jpg",853,480,false],"thumbnail":["https:\/\/www.illevriero.it\/new\/wp-content\/uploads\/2020\/11\/zzzzzxy2111527-150x150.jpg",150,150,true],"medium":["https:\/\/www.illevriero.it\/new\/wp-content\/uploads\/2020\/11\/zzzzzxy2111527-300x169.jpg",300,169,true],"medium_large":["https:\/\/www.illevriero.it\/new\/wp-content\/uploads\/2020\/11\/zzzzzxy2111527-768x432.jpg",768,432,true],"large":["https:\/\/www.illevriero.it\/new\/wp-content\/uploads\/2020\/11\/zzzzzxy2111527.jpg",853,480,false],"1536x1536":["https:\/\/www.illevriero.it\/new\/wp-content\/uploads\/2020\/11\/zzzzzxy2111527.jpg",853,480,false],"2048x2048":["https:\/\/www.illevriero.it\/new\/wp-content\/uploads\/2020\/11\/zzzzzxy2111527.jpg",853,480,false],"ab-block-post-grid-landscape":["https:\/\/www.illevriero.it\/new\/wp-content\/uploads\/2020\/11\/zzzzzxy2111527-600x400.jpg",600,400,true],"ab-block-post-grid-square":["https:\/\/www.illevriero.it\/new\/wp-content\/uploads\/2020\/11\/zzzzzxy2111527-600x480.jpg",600,480,true],"neve-blog":["https:\/\/www.illevriero.it\/new\/wp-content\/uploads\/2020\/11\/zzzzzxy2111527.jpg",853,480,false]},"uagb_author_info":{"display_name":"Il Levriero Staff","author_link":"https:\/\/www.illevriero.it\/new\/author\/il-levriero-staff\/"},"uagb_comment_info":0,"uagb_excerpt":"Gioved\u00ec 19 novembre &#8211; h. 21G.R.E.C.E Italiapresenta: &#8220;Musica Indipendente e Controcultura&#8221; \u00abViviamo in un\u2019epoca singolare, dominata da un Pensiero Unico che, vantandosi di tutelare sempre nuove minoranze, impone ovunque il pi\u00f9 asfissiante dei conformismi, rileggendo e revisionando, censurando e correggendo, anestetizzando e allineando qualsiasi dissidenza. Negli ultimi decenni, tuttavia, un manipolo di esperienze musicali si&hellip;&nbsp;Leggi&hellip;","coauthors":[],"tax_additional":{"categories":{"linked":["<a href=\"https:\/\/www.illevriero.it\/new\/category\/interviews\/\" class=\"advgb-post-tax-term\">Interviews<\/a>","<a href=\"https:\/\/www.illevriero.it\/new\/category\/news\/\" class=\"advgb-post-tax-term\">News<\/a>"],"unlinked":["<span class=\"advgb-post-tax-term\">Interviews<\/span>","<span class=\"advgb-post-tax-term\">News<\/span>"]}},"comment_count":"0","relative_dates":{"created":"Pubblicato 5 anni fa","modified":"Aggiornato 5 anni fa"},"absolute_dates":{"created":"Pubblicato il 13\/11\/2020","modified":"Aggiornato il 23\/11\/2020"},"absolute_dates_time":{"created":"Pubblicato il 13\/11\/2020 16:38","modified":"Aggiornato il 23\/11\/2020 22:13"},"featured_img_caption":"","series_order":"","_links":{"self":[{"href":"https:\/\/www.illevriero.it\/new\/wp-json\/wp\/v2\/posts\/491","targetHints":{"allow":["GET"]}}],"collection":[{"href":"https:\/\/www.illevriero.it\/new\/wp-json\/wp\/v2\/posts"}],"about":[{"href":"https:\/\/www.illevriero.it\/new\/wp-json\/wp\/v2\/types\/post"}],"author":[{"embeddable":true,"href":"https:\/\/www.illevriero.it\/new\/wp-json\/wp\/v2\/users\/3"}],"replies":[{"embeddable":true,"href":"https:\/\/www.illevriero.it\/new\/wp-json\/wp\/v2\/comments?post=491"}],"version-history":[{"count":3,"href":"https:\/\/www.illevriero.it\/new\/wp-json\/wp\/v2\/posts\/491\/revisions"}],"predecessor-version":[{"id":502,"href":"https:\/\/www.illevriero.it\/new\/wp-json\/wp\/v2\/posts\/491\/revisions\/502"}],"wp:featuredmedia":[{"embeddable":true,"href":"https:\/\/www.illevriero.it\/new\/wp-json\/wp\/v2\/media\/492"}],"wp:attachment":[{"href":"https:\/\/www.illevriero.it\/new\/wp-json\/wp\/v2\/media?parent=491"}],"wp:term":[{"taxonomy":"category","embeddable":true,"href":"https:\/\/www.illevriero.it\/new\/wp-json\/wp\/v2\/categories?post=491"},{"taxonomy":"post_tag","embeddable":true,"href":"https:\/\/www.illevriero.it\/new\/wp-json\/wp\/v2\/tags?post=491"}],"curies":[{"name":"wp","href":"https:\/\/api.w.org\/{rel}","templated":true}]}}